{"id":2971,"date":"2019-06-14T08:00:05","date_gmt":"2019-06-14T06:00:05","guid":{"rendered":"https:\/\/ptg.no\/kuldeteknisk-frionordica-and-kjoleservice-helgeland-to-become-ptg\/"},"modified":"2020-03-27T10:18:37","modified_gmt":"2020-03-27T09:18:37","slug":"kuldeteknisk-frionordica-and-kjoleservice-helgeland-to-become-ptg","status":"publish","type":"post","link":"https:\/\/www.ptg.no\/en\/kuldeteknisk-frionordica-and-kjoleservice-helgeland-to-become-ptg\/","title":{"rendered":"Kulde\u00adteknisk, FrioNordica and Kj\u00f8le\u00adservice Helgeland to become PTG"},"content":{"rendered":"\t\t<div data-elementor-type=\"wp-post\" data-elementor-id=\"2971\" class=\"elementor elementor-2971 elementor-1590\" data-elementor-post-type=\"post\">\n\t\t\t\t\t\t<section class=\"elementor-section elementor-top-section elementor-element elementor-element-c9e98a8 elementor-section-boxed elementor-section-height-default elementor-section-height-default\" data-id=\"c9e98a8\" data-element_type=\"section\" data-e-type=\"section\" data-settings=\"{&quot;jet_parallax_layout_list&quot;:[]}\">\n\t\t\t\t\t\t<div class=\"elementor-container elementor-column-gap-default\">\n\t\t\t\t\t<div class=\"elementor-column elementor-col-100 elementor-top-column elementor-element elementor-element-7f8f897\" data-id=\"7f8f897\" data-element_type=\"column\" data-e-type=\"column\">\n\t\t\t<div class=\"elementor-widget-wrap elementor-element-populated\">\n\t\t\t\t\t\t<div class=\"elementor-element elementor-element-06d8176 elementor-widget elementor-widget-text-editor\" data-id=\"06d8176\" data-element_type=\"widget\" data-e-type=\"widget\" data-widget_type=\"text-editor.default\">\n\t\t\t\t<div class=\"elementor-widget-container\">\n\t\t\t\t\t\t\t\t\t<p>In addition to the appointment of Terje Arnesen as CEO and Milos Golic as CFO, Ketil R\u00f8berg (FrioNordica) has acquired respon\u00ads\u00adi\u00adbility for the marine and industry market area while Martin Schj\u00f8lberg (Kulde\u00adteknisk) will be respon\u00adsible for the commercial and climate market area.<\/p>\n<p><strong>Building technology group<br>\n<\/strong>\u201cWe\u2019re very pleased to have secured Arnesen and Golic to continue our work of building a strong technology group to support growth in the global seafood industry,\u201d says Arnstein Gunnestad Endresen, chair of&nbsp;PTG.<\/p>\n<p>Nord Kapital\u00adfor\u00advaltning is the main share\u00adholder in PTG through Perfect Tempe\u00adrature Group. Partner Anders H\u00f8if\u00f8dt in Nord Kapital\u00adfor\u00advaltning has the following comment on the integration:<\/p>\n<p>\u201cWe\u2019re stronger together, and will concen\u00adtrate on devel\u00adoping environment-friendly and energy-efficient solutions with the quality and service our local customers and the global seafood market want.\u201d<\/p>\n<p><strong>The value of perfect temperature<br>\n<\/strong>\u201cThe change of name and mergers mark that the groupings will now grow together,\u201d says CEO Terje Arnesen. He explains that the PTG name is an abbre\u00adviation of Perfect Tempe\u00adrature Group and reflects the group\u2019s slogan: the value of perfect temperature.<\/p>\n<p>\u201cI\u2019m impressed by what these companies have achieved through research, product devel\u00adopment, a nationwide service network and production in Norway,\u201d Arnesen adds. \u201cThis will also be the corner\u00adstone of our growth strategy in the future.\u201d<\/p>\n<p><strong>Seafood inter\u00adna\u00adtio\u00adnally, groceries nationally<br>\n<\/strong>\u201cThe seafood market in Norway and inter\u00adna\u00adtio\u00adnally is our highest priority,\u201d says Arnesen.\u200b \u201cWe\u2019ll also be maintaining our commitment to the Norwegian grocery sector.\u201d<\/p>\n<p>Kulde\u00adteknisk and Kj\u00f8le\u00adservice Helgeland have a very strong position in northern Norway\u2019s grocery market, while FrioNordica has refined its technology for utilising fish natio\u00adnally and inter\u00adna\u00adtio\u00adnally on the basis of production in Norway. Kulde\u00adteknisk and FrioNordica are known for using natural, environment-friendly and efficient refri\u00adge\u00adration media in their solutions.<\/p>\n<p><strong>Sustai\u00adnable tempe\u00adrature and energy solutions<br>\n<\/strong>PTG&nbsp;is a complete supplier, devel\u00adoping sustai\u00adnable tempe\u00adrature and energy solutions which are in demand globally.<\/p>\n<p>\u201cA steadily growing world population needs efficient refri\u00adge\u00adration and freezing solutions,\u201d observes Arnesen. \u201cEnergy is also a signi\u00adficant raw material, and our collective expertise with energy efficiency can contribute to substantial cost and emission reductions.\u201d<\/p>\n<p><strong>Focus on product devel\u00adopment and high service cover<br>\n<\/strong>\u201cWe aim to double our turnover during the next few years, not least through continued investment in research and devel\u00adopment,\u201d Arnesen reports. \u201cWe\u2019ll also get more hands-on with new and existing customers geograp\u00adhi\u00adcally, techni\u00adcally and through high service cover both along the Norwegian coast and internationally.\u201d<\/p>\n<p><strong>Three decades in management<br>\n<\/strong>Arnesen has 30 years of management experience from industry, primarily with oil service and maritime equipment. He comes now from the post of CEO at Rapp&nbsp;Marine Group, which delivers winch equipment to fishing and research vessels. He contri\u00adbuted in part to the group becoming part of MacGregor and major Finnish group Cargotec in&nbsp;2018.<\/p>\n<p>Earlier appoint\u00adments include CEO at Rocksource (oil industry supplier), Bergen Group (shipbuilding), Bennex Group (subsea) and Scana Propulsion (ship\u2019s equipment), and he has 18 years of experience from various management positions in Rolls-Royce Marine.<\/p>\n<p><strong>Finance and strategy<br>\n<\/strong>Golic also comes from Rapp Marine Group, where he was CFO in recent years. He earlier worked as deputy CEO and CFO of this group\u2019s Serbian subsidiary.<\/p>\n<p>His experience includes much work on strategy and growth processes, including last year\u2019s sale of Rapp Marine Group. He has also been a consultant in the inter\u00adna\u00adtional BDO auditing network and financing company Soci\u00e9t\u00e9 G\u00e9n\u00e9rale.<\/p>\n<p><strong>New logo<br>\n<\/strong>The logo and name both build on PTG\u2019s message: the value of perfect tempe\u00adrature. To emphasise this, the company name is encircled by a C for Celsius, which in turn incor\u00adpo\u00adrates the degree symbol.<\/p>\n\t\t\t\t\t\t\t\t<\/div>\n\t\t\t\t<\/div>\n\t\t\t\t\t<\/div>\n\t\t<\/div>\n\t\t\t\t\t<\/div>\n\t\t<\/section>\n\t\t\t\t<\/div>\n\t\t","protected":false},"excerpt":{"rendered":"<p>Kulde\u00adteknisk AS will change its name to PTG AS during the autumn, with FrioNordica AS and Kj\u00f8le\u00adservice Helgeland AS being merged into it in due course. A new management team for the integrated organi\u00adsation has been created from across the companies.&nbsp;<\/p>\n","protected":false},"author":3,"featured_media":3269,"comment_status":"closed","ping_status":"closed","sticky":false,"template":"","format":"standard","meta":{"_acf_changed":false,"wp_typography_post_enhancements_disabled":false,"footnotes":""},"categories":[59],"tags":[],"nyheter":[],"class_list":["post-2971","post","type-post","status-publish","format-standard","has-post-thumbnail","hentry","category-news"],"acf":[],"yoast_head":"<!-- This site is optimized with the Yoast SEO plugin v27.5 - https:\/\/yoast.com\/product\/yoast-seo-wordpress\/ -->\n<title>Kuldeteknisk, FrioNordica and Kj\u00f8leservice Helgeland merges to PTG - PTG<\/title>\n<meta name=\"description\" content=\"Kuldeteknisk AS has changed its name to PTG AS, and will merge with the companies FrioNordica AS and Kj\u00f8leservice Helgeland AS.\" \/>\n<meta name=\"robots\" content=\"index, follow, max-snippet:-1, max-image-preview:large, max-video-preview:-1\" \/>\n<link rel=\"canonical\" href=\"https:\/\/www.ptg.no\/en\/kuldeteknisk-frionordica-and-kjoleservice-helgeland-to-become-ptg\/\" \/>\n<meta property=\"og:locale\" content=\"en_US\" \/>\n<meta property=\"og:type\" content=\"article\" \/>\n<meta property=\"og:title\" content=\"Kuldeteknisk, FrioNordica and Kj\u00f8leservice Helgeland merges to PTG - PTG\" \/>\n<meta property=\"og:description\" content=\"Kuldeteknisk AS has changed its name to PTG AS, and will merge with the companies FrioNordica AS and Kj\u00f8leservice Helgeland AS.\" \/>\n<meta property=\"og:url\" content=\"https:\/\/www.ptg.no\/en\/kuldeteknisk-frionordica-and-kjoleservice-helgeland-to-become-ptg\/\" \/>\n<meta property=\"og:site_name\" content=\"ptg.no\" \/>\n<meta property=\"article:publisher\" content=\"https:\/\/www.facebook.com\/PTGPerfectTemperatureGroup\" \/>\n<meta property=\"article:published_time\" content=\"2019-06-14T06:00:05+00:00\" \/>\n<meta property=\"article:modified_time\" content=\"2020-03-27T09:18:37+00:00\" \/>\n<meta property=\"og:image\" content=\"https:\/\/www.ptg.no\/wp-content\/uploads\/2019\/08\/Flag-PTG.jpg\" \/>\n\t<meta property=\"og:image:width\" content=\"2560\" \/>\n\t<meta property=\"og:image:height\" content=\"1440\" \/>\n\t<meta property=\"og:image:type\" content=\"image\/jpeg\" \/>\n<meta name=\"author\" content=\"\u00d8yvind Olsen\" \/>\n<meta name=\"twitter:card\" content=\"summary_large_image\" \/>\n<meta name=\"twitter:label1\" content=\"Written by\" \/>\n\t<meta name=\"twitter:data1\" content=\"\u00d8yvind Olsen\" \/>\n\t<meta name=\"twitter:label2\" content=\"Est. reading time\" \/>\n\t<meta name=\"twitter:data2\" content=\"3 minutes\" \/>\n<script type=\"application\/ld+json\" class=\"yoast-schema-graph\">{\"@context\":\"https:\\\/\\\/schema.org\",\"@graph\":[{\"@type\":\"Article\",\"@id\":\"https:\\\/\\\/www.ptg.no\\\/en\\\/kuldeteknisk-frionordica-and-kjoleservice-helgeland-to-become-ptg\\\/#article\",\"isPartOf\":{\"@id\":\"https:\\\/\\\/www.ptg.no\\\/en\\\/kuldeteknisk-frionordica-and-kjoleservice-helgeland-to-become-ptg\\\/\"},\"author\":{\"name\":\"\u00d8yvind Olsen\",\"@id\":\"https:\\\/\\\/www.ptg.no\\\/en\\\/#\\\/schema\\\/person\\\/8327130f7e06595f1ecea8590a06c291\"},\"headline\":\"Kulde\u00adteknisk, FrioNordica and Kj\u00f8le\u00adservice Helgeland to become PTG\",\"datePublished\":\"2019-06-14T06:00:05+00:00\",\"dateModified\":\"2020-03-27T09:18:37+00:00\",\"mainEntityOfPage\":{\"@id\":\"https:\\\/\\\/www.ptg.no\\\/en\\\/kuldeteknisk-frionordica-and-kjoleservice-helgeland-to-become-ptg\\\/\"},\"wordCount\":617,\"publisher\":{\"@id\":\"https:\\\/\\\/www.ptg.no\\\/en\\\/#organization\"},\"image\":{\"@id\":\"https:\\\/\\\/www.ptg.no\\\/en\\\/kuldeteknisk-frionordica-and-kjoleservice-helgeland-to-become-ptg\\\/#primaryimage\"},\"thumbnailUrl\":\"https:\\\/\\\/www.ptg.no\\\/wp-content\\\/uploads\\\/2019\\\/08\\\/Flag-PTG.jpg\",\"articleSection\":[\"News\"],\"inLanguage\":\"en-US\"},{\"@type\":\"WebPage\",\"@id\":\"https:\\\/\\\/www.ptg.no\\\/en\\\/kuldeteknisk-frionordica-and-kjoleservice-helgeland-to-become-ptg\\\/\",\"url\":\"https:\\\/\\\/www.ptg.no\\\/en\\\/kuldeteknisk-frionordica-and-kjoleservice-helgeland-to-become-ptg\\\/\",\"name\":\"Kuldeteknisk, FrioNordica and Kj\u00f8leservice Helgeland merges to PTG - PTG\",\"isPartOf\":{\"@id\":\"https:\\\/\\\/www.ptg.no\\\/en\\\/#website\"},\"primaryImageOfPage\":{\"@id\":\"https:\\\/\\\/www.ptg.no\\\/en\\\/kuldeteknisk-frionordica-and-kjoleservice-helgeland-to-become-ptg\\\/#primaryimage\"},\"image\":{\"@id\":\"https:\\\/\\\/www.ptg.no\\\/en\\\/kuldeteknisk-frionordica-and-kjoleservice-helgeland-to-become-ptg\\\/#primaryimage\"},\"thumbnailUrl\":\"https:\\\/\\\/www.ptg.no\\\/wp-content\\\/uploads\\\/2019\\\/08\\\/Flag-PTG.jpg\",\"datePublished\":\"2019-06-14T06:00:05+00:00\",\"dateModified\":\"2020-03-27T09:18:37+00:00\",\"description\":\"Kuldeteknisk AS has changed its name to PTG AS, and will merge with the companies FrioNordica AS and Kj\u00f8leservice Helgeland AS.\",\"breadcrumb\":{\"@id\":\"https:\\\/\\\/www.ptg.no\\\/en\\\/kuldeteknisk-frionordica-and-kjoleservice-helgeland-to-become-ptg\\\/#breadcrumb\"},\"inLanguage\":\"en-US\",\"potentialAction\":[{\"@type\":\"ReadAction\",\"target\":[\"https:\\\/\\\/www.ptg.no\\\/en\\\/kuldeteknisk-frionordica-and-kjoleservice-helgeland-to-become-ptg\\\/\"]}]},{\"@type\":\"ImageObject\",\"inLanguage\":\"en-US\",\"@id\":\"https:\\\/\\\/www.ptg.no\\\/en\\\/kuldeteknisk-frionordica-and-kjoleservice-helgeland-to-become-ptg\\\/#primaryimage\",\"url\":\"https:\\\/\\\/www.ptg.no\\\/wp-content\\\/uploads\\\/2019\\\/08\\\/Flag-PTG.jpg\",\"contentUrl\":\"https:\\\/\\\/www.ptg.no\\\/wp-content\\\/uploads\\\/2019\\\/08\\\/Flag-PTG.jpg\",\"width\":2560,\"height\":1440},{\"@type\":\"BreadcrumbList\",\"@id\":\"https:\\\/\\\/www.ptg.no\\\/en\\\/kuldeteknisk-frionordica-and-kjoleservice-helgeland-to-become-ptg\\\/#breadcrumb\",\"itemListElement\":[{\"@type\":\"ListItem\",\"position\":1,\"name\":\"Home\",\"item\":\"https:\\\/\\\/www.ptg.no\\\/en\\\/\"},{\"@type\":\"ListItem\",\"position\":2,\"name\":\"Kulde\u00adteknisk, FrioNordica and Kj\u00f8le\u00adservice Helgeland to become PTG\"}]},{\"@type\":\"WebSite\",\"@id\":\"https:\\\/\\\/www.ptg.no\\\/en\\\/#website\",\"url\":\"https:\\\/\\\/www.ptg.no\\\/en\\\/\",\"name\":\"ptg.no\",\"description\":\"The value of perfect temperature\",\"publisher\":{\"@id\":\"https:\\\/\\\/www.ptg.no\\\/en\\\/#organization\"},\"potentialAction\":[{\"@type\":\"SearchAction\",\"target\":{\"@type\":\"EntryPoint\",\"urlTemplate\":\"https:\\\/\\\/www.ptg.no\\\/en\\\/?s={search_term_string}\"},\"query-input\":{\"@type\":\"PropertyValueSpecification\",\"valueRequired\":true,\"valueName\":\"search_term_string\"}}],\"inLanguage\":\"en-US\"},{\"@type\":\"Organization\",\"@id\":\"https:\\\/\\\/www.ptg.no\\\/en\\\/#organization\",\"name\":\"Perfect Temperature Group\",\"url\":\"https:\\\/\\\/www.ptg.no\\\/en\\\/\",\"logo\":{\"@type\":\"ImageObject\",\"inLanguage\":\"en-US\",\"@id\":\"https:\\\/\\\/www.ptg.no\\\/en\\\/#\\\/schema\\\/logo\\\/image\\\/\",\"url\":\"https:\\\/\\\/www.ptg.no\\\/wp-content\\\/uploads\\\/2019\\\/06\\\/PTG-logo-slagord-RGB.png\",\"contentUrl\":\"https:\\\/\\\/www.ptg.no\\\/wp-content\\\/uploads\\\/2019\\\/06\\\/PTG-logo-slagord-RGB.png\",\"width\":2000,\"height\":752,\"caption\":\"Perfect Temperature Group\"},\"image\":{\"@id\":\"https:\\\/\\\/www.ptg.no\\\/en\\\/#\\\/schema\\\/logo\\\/image\\\/\"},\"sameAs\":[\"https:\\\/\\\/www.facebook.com\\\/PTGPerfectTemperatureGroup\"]},{\"@type\":\"Person\",\"@id\":\"https:\\\/\\\/www.ptg.no\\\/en\\\/#\\\/schema\\\/person\\\/8327130f7e06595f1ecea8590a06c291\",\"name\":\"\u00d8yvind Olsen\",\"image\":{\"@type\":\"ImageObject\",\"inLanguage\":\"en-US\",\"@id\":\"https:\\\/\\\/secure.gravatar.com\\\/avatar\\\/c61a45a0c6e0d1d75b54eaada1e603c7836a9b61616047646cb1e6ae30d054f1?s=96&d=mm&r=g\",\"url\":\"https:\\\/\\\/secure.gravatar.com\\\/avatar\\\/c61a45a0c6e0d1d75b54eaada1e603c7836a9b61616047646cb1e6ae30d054f1?s=96&d=mm&r=g\",\"contentUrl\":\"https:\\\/\\\/secure.gravatar.com\\\/avatar\\\/c61a45a0c6e0d1d75b54eaada1e603c7836a9b61616047646cb1e6ae30d054f1?s=96&d=mm&r=g\",\"caption\":\"\u00d8yvind Olsen\"},\"url\":\"https:\\\/\\\/www.ptg.no\\\/en\\\/author\\\/oyvind\\\/\"}]}<\/script>\n<!-- \/ Yoast SEO plugin. -->","yoast_head_json":{"title":"Kuldeteknisk, FrioNordica and Kj\u00f8leservice Helgeland merges to PTG - PTG","description":"Kuldeteknisk AS has changed its name to PTG AS, and will merge with the companies FrioNordica AS and Kj\u00f8leservice Helgeland AS.","robots":{"index":"index","follow":"follow","max-snippet":"max-snippet:-1","max-image-preview":"max-image-preview:large","max-video-preview":"max-video-preview:-1"},"canonical":"https:\/\/www.ptg.no\/en\/kuldeteknisk-frionordica-and-kjoleservice-helgeland-to-become-ptg\/","og_locale":"en_US","og_type":"article","og_title":"Kuldeteknisk, FrioNordica and Kj\u00f8leservice Helgeland merges to PTG - PTG","og_description":"Kuldeteknisk AS has changed its name to PTG AS, and will merge with the companies FrioNordica AS and Kj\u00f8leservice Helgeland AS.","og_url":"https:\/\/www.ptg.no\/en\/kuldeteknisk-frionordica-and-kjoleservice-helgeland-to-become-ptg\/","og_site_name":"ptg.no","article_publisher":"https:\/\/www.facebook.com\/PTGPerfectTemperatureGroup","article_published_time":"2019-06-14T06:00:05+00:00","article_modified_time":"2020-03-27T09:18:37+00:00","og_image":[{"width":2560,"height":1440,"url":"https:\/\/www.ptg.no\/wp-content\/uploads\/2019\/08\/Flag-PTG.jpg","type":"image\/jpeg"}],"author":"\u00d8yvind Olsen","twitter_card":"summary_large_image","twitter_misc":{"Written by":"\u00d8yvind Olsen","Est. reading time":"3 minutes"},"schema":{"@context":"https:\/\/schema.org","@graph":[{"@type":"Article","@id":"https:\/\/www.ptg.no\/en\/kuldeteknisk-frionordica-and-kjoleservice-helgeland-to-become-ptg\/#article","isPartOf":{"@id":"https:\/\/www.ptg.no\/en\/kuldeteknisk-frionordica-and-kjoleservice-helgeland-to-become-ptg\/"},"author":{"name":"\u00d8yvind Olsen","@id":"https:\/\/www.ptg.no\/en\/#\/schema\/person\/8327130f7e06595f1ecea8590a06c291"},"headline":"Kulde\u00adteknisk, FrioNordica and Kj\u00f8le\u00adservice Helgeland to become PTG","datePublished":"2019-06-14T06:00:05+00:00","dateModified":"2020-03-27T09:18:37+00:00","mainEntityOfPage":{"@id":"https:\/\/www.ptg.no\/en\/kuldeteknisk-frionordica-and-kjoleservice-helgeland-to-become-ptg\/"},"wordCount":617,"publisher":{"@id":"https:\/\/www.ptg.no\/en\/#organization"},"image":{"@id":"https:\/\/www.ptg.no\/en\/kuldeteknisk-frionordica-and-kjoleservice-helgeland-to-become-ptg\/#primaryimage"},"thumbnailUrl":"https:\/\/www.ptg.no\/wp-content\/uploads\/2019\/08\/Flag-PTG.jpg","articleSection":["News"],"inLanguage":"en-US"},{"@type":"WebPage","@id":"https:\/\/www.ptg.no\/en\/kuldeteknisk-frionordica-and-kjoleservice-helgeland-to-become-ptg\/","url":"https:\/\/www.ptg.no\/en\/kuldeteknisk-frionordica-and-kjoleservice-helgeland-to-become-ptg\/","name":"Kuldeteknisk, FrioNordica and Kj\u00f8leservice Helgeland merges to PTG - PTG","isPartOf":{"@id":"https:\/\/www.ptg.no\/en\/#website"},"primaryImageOfPage":{"@id":"https:\/\/www.ptg.no\/en\/kuldeteknisk-frionordica-and-kjoleservice-helgeland-to-become-ptg\/#primaryimage"},"image":{"@id":"https:\/\/www.ptg.no\/en\/kuldeteknisk-frionordica-and-kjoleservice-helgeland-to-become-ptg\/#primaryimage"},"thumbnailUrl":"https:\/\/www.ptg.no\/wp-content\/uploads\/2019\/08\/Flag-PTG.jpg","datePublished":"2019-06-14T06:00:05+00:00","dateModified":"2020-03-27T09:18:37+00:00","description":"Kuldeteknisk AS has changed its name to PTG AS, and will merge with the companies FrioNordica AS and Kj\u00f8leservice Helgeland AS.","breadcrumb":{"@id":"https:\/\/www.ptg.no\/en\/kuldeteknisk-frionordica-and-kjoleservice-helgeland-to-become-ptg\/#breadcrumb"},"inLanguage":"en-US","potentialAction":[{"@type":"ReadAction","target":["https:\/\/www.ptg.no\/en\/kuldeteknisk-frionordica-and-kjoleservice-helgeland-to-become-ptg\/"]}]},{"@type":"ImageObject","inLanguage":"en-US","@id":"https:\/\/www.ptg.no\/en\/kuldeteknisk-frionordica-and-kjoleservice-helgeland-to-become-ptg\/#primaryimage","url":"https:\/\/www.ptg.no\/wp-content\/uploads\/2019\/08\/Flag-PTG.jpg","contentUrl":"https:\/\/www.ptg.no\/wp-content\/uploads\/2019\/08\/Flag-PTG.jpg","width":2560,"height":1440},{"@type":"BreadcrumbList","@id":"https:\/\/www.ptg.no\/en\/kuldeteknisk-frionordica-and-kjoleservice-helgeland-to-become-ptg\/#breadcrumb","itemListElement":[{"@type":"ListItem","position":1,"name":"Home","item":"https:\/\/www.ptg.no\/en\/"},{"@type":"ListItem","position":2,"name":"Kulde\u00adteknisk, FrioNordica and Kj\u00f8le\u00adservice Helgeland to become PTG"}]},{"@type":"WebSite","@id":"https:\/\/www.ptg.no\/en\/#website","url":"https:\/\/www.ptg.no\/en\/","name":"ptg.no","description":"The value of perfect temperature","publisher":{"@id":"https:\/\/www.ptg.no\/en\/#organization"},"potentialAction":[{"@type":"SearchAction","target":{"@type":"EntryPoint","urlTemplate":"https:\/\/www.ptg.no\/en\/?s={search_term_string}"},"query-input":{"@type":"PropertyValueSpecification","valueRequired":true,"valueName":"search_term_string"}}],"inLanguage":"en-US"},{"@type":"Organization","@id":"https:\/\/www.ptg.no\/en\/#organization","name":"Perfect Temperature Group","url":"https:\/\/www.ptg.no\/en\/","logo":{"@type":"ImageObject","inLanguage":"en-US","@id":"https:\/\/www.ptg.no\/en\/#\/schema\/logo\/image\/","url":"https:\/\/www.ptg.no\/wp-content\/uploads\/2019\/06\/PTG-logo-slagord-RGB.png","contentUrl":"https:\/\/www.ptg.no\/wp-content\/uploads\/2019\/06\/PTG-logo-slagord-RGB.png","width":2000,"height":752,"caption":"Perfect Temperature Group"},"image":{"@id":"https:\/\/www.ptg.no\/en\/#\/schema\/logo\/image\/"},"sameAs":["https:\/\/www.facebook.com\/PTGPerfectTemperatureGroup"]},{"@type":"Person","@id":"https:\/\/www.ptg.no\/en\/#\/schema\/person\/8327130f7e06595f1ecea8590a06c291","name":"\u00d8yvind Olsen","image":{"@type":"ImageObject","inLanguage":"en-US","@id":"https:\/\/secure.gravatar.com\/avatar\/c61a45a0c6e0d1d75b54eaada1e603c7836a9b61616047646cb1e6ae30d054f1?s=96&d=mm&r=g","url":"https:\/\/secure.gravatar.com\/avatar\/c61a45a0c6e0d1d75b54eaada1e603c7836a9b61616047646cb1e6ae30d054f1?s=96&d=mm&r=g","contentUrl":"https:\/\/secure.gravatar.com\/avatar\/c61a45a0c6e0d1d75b54eaada1e603c7836a9b61616047646cb1e6ae30d054f1?s=96&d=mm&r=g","caption":"\u00d8yvind Olsen"},"url":"https:\/\/www.ptg.no\/en\/author\/oyvind\/"}]}},"_links":{"self":[{"href":"https:\/\/www.ptg.no\/en\/wp-json\/wp\/v2\/posts\/2971","targetHints":{"allow":["GET"]}}],"collection":[{"href":"https:\/\/www.ptg.no\/en\/wp-json\/wp\/v2\/posts"}],"about":[{"href":"https:\/\/www.ptg.no\/en\/wp-json\/wp\/v2\/types\/post"}],"author":[{"embeddable":true,"href":"https:\/\/www.ptg.no\/en\/wp-json\/wp\/v2\/users\/3"}],"replies":[{"embeddable":true,"href":"https:\/\/www.ptg.no\/en\/wp-json\/wp\/v2\/comments?post=2971"}],"version-history":[{"count":6,"href":"https:\/\/www.ptg.no\/en\/wp-json\/wp\/v2\/posts\/2971\/revisions"}],"predecessor-version":[{"id":4592,"href":"https:\/\/www.ptg.no\/en\/wp-json\/wp\/v2\/posts\/2971\/revisions\/4592"}],"wp:featuredmedia":[{"embeddable":true,"href":"https:\/\/www.ptg.no\/en\/wp-json\/wp\/v2\/media\/3269"}],"wp:attachment":[{"href":"https:\/\/www.ptg.no\/en\/wp-json\/wp\/v2\/media?parent=2971"}],"wp:term":[{"taxonomy":"category","embeddable":true,"href":"https:\/\/www.ptg.no\/en\/wp-json\/wp\/v2\/categories?post=2971"},{"taxonomy":"post_tag","embeddable":true,"href":"https:\/\/www.ptg.no\/en\/wp-json\/wp\/v2\/tags?post=2971"},{"taxonomy":"nyheter","embeddable":true,"href":"https:\/\/www.ptg.no\/en\/wp-json\/wp\/v2\/nyheter?post=2971"}],"curies":[{"name":"wp","href":"https:\/\/api.w.org\/{rel}","templated":true}]}}