{"id":2963,"date":"2019-08-14T17:33:41","date_gmt":"2019-08-14T15:33:41","guid":{"rendered":"https:\/\/ptg.no\/prime-minister-learnt-the-value-of-perfect-temperature\/"},"modified":"2021-02-23T15:20:37","modified_gmt":"2021-02-23T14:20:37","slug":"prime-minister-learnt-the-value-of-perfect-temperature","status":"publish","type":"post","link":"https:\/\/www.ptg.no\/en\/prime-minister-learnt-the-value-of-perfect-temperature\/","title":{"rendered":"Prime minister learnt the value of perfect temperature"},"content":{"rendered":"\t\t<div data-elementor-type=\"wp-post\" data-elementor-id=\"2963\" class=\"elementor elementor-2963 elementor-2721\" data-elementor-post-type=\"post\">\n\t\t\t\t\t\t<section class=\"elementor-section elementor-top-section elementor-element elementor-element-f536dbf elementor-section-boxed elementor-section-height-default elementor-section-height-default\" data-id=\"f536dbf\" data-element_type=\"section\" data-e-type=\"section\" data-settings=\"{&quot;jet_parallax_layout_list&quot;:[]}\">\n\t\t\t\t\t\t<div class=\"elementor-container elementor-column-gap-default\">\n\t\t\t\t\t<div class=\"elementor-column elementor-col-100 elementor-top-column elementor-element elementor-element-235bc3e\" data-id=\"235bc3e\" data-element_type=\"column\" data-e-type=\"column\">\n\t\t\t<div class=\"elementor-widget-wrap elementor-element-populated\">\n\t\t\t\t\t\t<div class=\"elementor-element elementor-element-f6078e4 elementor-widget elementor-widget-text-editor\" data-id=\"f6078e4\" data-element_type=\"widget\" data-e-type=\"widget\" data-widget_type=\"text-editor.default\">\n\t\t\t\t<div class=\"elementor-widget-container\">\n\t\t\t\t\t\t\t\t\t<p><em>From left: Trude B\u00f8e (Troms\u00f8 N\u00e6rings\u00adfor\u00adening), Frode Berg (PTG), Hans Petter Kvaal (H\u00f8yre Troms\u00f8) and Erna Solberg.<\/em><\/p>\n\t\t\t\t\t\t\t\t<\/div>\n\t\t\t\t<\/div>\n\t\t\t\t\t<\/div>\n\t\t<\/div>\n\t\t\t\t\t<\/div>\n\t\t<\/section>\n\t\t\t\t<section class=\"elementor-section elementor-top-section elementor-element elementor-element-4d3fe9a elementor-section-boxed elementor-section-height-default elementor-section-height-default\" data-id=\"4d3fe9a\" data-element_type=\"section\" data-e-type=\"section\" data-settings=\"{&quot;jet_parallax_layout_list&quot;:[]}\">\n\t\t\t\t\t\t<div class=\"elementor-container elementor-column-gap-default\">\n\t\t\t\t\t<div class=\"elementor-column elementor-col-100 elementor-top-column elementor-element elementor-element-8ced84a\" data-id=\"8ced84a\" data-element_type=\"column\" data-e-type=\"column\">\n\t\t\t<div class=\"elementor-widget-wrap elementor-element-populated\">\n\t\t\t\t\t\t<div class=\"elementor-element elementor-element-0ef7139 elementor-widget elementor-widget-heading\" data-id=\"0ef7139\" data-element_type=\"widget\" data-e-type=\"widget\" data-widget_type=\"heading.default\">\n\t\t\t\t<div class=\"elementor-widget-container\">\n\t\t\t\t\t<h2 class=\"elementor-heading-title elementor-size-default\">Ready to award apprenticeships<\/h2>\t\t\t\t<\/div>\n\t\t\t\t<\/div>\n\t\t\t\t\t<\/div>\n\t\t<\/div>\n\t\t\t\t\t<\/div>\n\t\t<\/section>\n\t\t\t\t<section class=\"elementor-section elementor-top-section elementor-element elementor-element-c57de51 elementor-section-boxed elementor-section-height-default elementor-section-height-default\" data-id=\"c57de51\" data-element_type=\"section\" data-e-type=\"section\" data-settings=\"{&quot;jet_parallax_layout_list&quot;:[]}\">\n\t\t\t\t\t\t<div class=\"elementor-container elementor-column-gap-default\">\n\t\t\t\t\t<div class=\"elementor-column elementor-col-100 elementor-top-column elementor-element elementor-element-e4b03b1\" data-id=\"e4b03b1\" data-element_type=\"column\" data-e-type=\"column\">\n\t\t\t<div class=\"elementor-widget-wrap elementor-element-populated\">\n\t\t\t\t\t\t<div class=\"elementor-element elementor-element-cbd3a1d elementor-widget elementor-widget-text-editor\" data-id=\"cbd3a1d\" data-element_type=\"widget\" data-e-type=\"widget\" data-widget_type=\"text-editor.default\">\n\t\t\t\t<div class=\"elementor-widget-container\">\n\t\t\t\t\t\t\t\t\t<p>The pressing need for qualified personnel in Norway\u2019s refri\u00adge\u00adration sector, not least to ensure growth for the national seafood industry, was explained to premier Erna Solberg today.<\/p>\n<p>She was given a briefing on the position by entre\u00adpreneur and technical manager Frode Berg during a visit to PTG (formerly Kulde\u00adteknisk) in Troms\u00f8.<\/p>\n<p>\u201cSociety would shut down completely without refri\u00adge\u00adration,\u201d Berg said. \u201cWe\u2019re experi\u00adencing massive expansion in the fishing and aquaculture sectors, and it\u2019s essential to build up expertise and recruit people who can serve these industries.\u201d<br>\nHe believes educa\u00adtional provision for entrants to the Norwegian refri\u00adge\u00adration sector must be strengt\u00adhened at upper secondary level and beyond.<\/p>\n<p><strong>Course<\/strong><br>\nThe Ishavsbyen upper secondary school at Rambergan (previously Troms\u00f8 Maritime School) dropped its course for refri\u00adge\u00adration and heat pump installers in 2017 because appli\u00adca\u00adtions were too&nbsp;low.<br>\nThe following year, the refri\u00adge\u00adration sector in the north Norwegian town made a concerted effort to inform young people about the opport\u00adu\u00adnities it offered.<br>\nIn less than 12 months, the position had been reversed \u2013 with a record number of appli\u00adcants for the revived course.<\/p>\n<p><strong>Provision<\/strong><br>\nThe industry really needs to maintain provision in Troms and Finnmark counties for technical training in refri\u00adge\u00adration and air conditioning, Berg told the prime minister. He empha\u00adsised that the industry was ready to award appren\u00adticeships in this&nbsp;area.<br>\n\u201cLast year\u2019s record appli\u00adca\u00adtions were the result of a fantastic colla\u00adbo\u00adration between the companies in the sector and others,\u201d Berg&nbsp;said.<br>\n\u201cThey include the Rambergan campus, the Troms county council cabinet member for education, the other upper secondary schools in the district, and not least all the young people who\u2019ve been interested in what we&nbsp;do.\u201d<\/p>\n<p><strong>Healthy<\/strong><br>\n\u201cThe world\u2019s population is growing, and the demand for healthy protein is driving an ever more vigorous seafood market,\u201d Berg pointed out.<br>\n\u201cThat creates an increasing need for efficient refri\u00adge\u00adration and freezing solutions both on land and at sea. Energy is also a signi\u00adficant raw material, and our collective expertise in using it effici\u00adently can contribute to substantial reduc\u00adtions in costs and emissions.\u201d<\/p>\n\t\t\t\t\t\t\t\t<\/div>\n\t\t\t\t<\/div>\n\t\t\t\t\t<\/div>\n\t\t<\/div>\n\t\t\t\t\t<\/div>\n\t\t<\/section>\n\t\t\t\t<section class=\"elementor-section elementor-top-section elementor-element elementor-element-2d066db elementor-section-boxed elementor-section-height-default elementor-section-height-default\" data-id=\"2d066db\" data-element_type=\"section\" data-e-type=\"section\" data-settings=\"{&quot;jet_parallax_layout_list&quot;:[]}\">\n\t\t\t\t\t\t<div class=\"elementor-container elementor-column-gap-default\">\n\t\t\t\t\t<div class=\"elementor-column elementor-col-100 elementor-top-column elementor-element elementor-element-c26b471\" data-id=\"c26b471\" data-element_type=\"column\" data-e-type=\"column\">\n\t\t\t<div class=\"elementor-widget-wrap elementor-element-populated\">\n\t\t\t\t\t\t<div class=\"elementor-element elementor-element-b6fac0b elementor-widget elementor-widget-image\" data-id=\"b6fac0b\" data-element_type=\"widget\" data-e-type=\"widget\" data-widget_type=\"image.default\">\n\t\t\t\t<div class=\"elementor-widget-container\">\n\t\t\t\t\t\t\t\t\t\t\t\t\t\t\t<img fetchpriority=\"high\" decoding=\"async\" width=\"4809\" height=\"3206\" src=\"https:\/\/www.ptg.no\/wp-content\/uploads\/2019\/08\/IMG_6630.jpg\" class=\"attachment-full size-full wp-image-3382\" alt srcset=\"https:\/\/www.ptg.no\/wp-content\/uploads\/2019\/08\/IMG_6630.jpg 4809w, https:\/\/www.ptg.no\/wp-content\/uploads\/2019\/08\/IMG_6630-600x400.jpg 600w, https:\/\/www.ptg.no\/wp-content\/uploads\/2019\/08\/IMG_6630-768x512.jpg 768w, https:\/\/www.ptg.no\/wp-content\/uploads\/2019\/08\/IMG_6630-1020x680.jpg 1020w\" sizes=\"(max-width: 4809px) 100vw, 4809px\">\t\t\t\t\t\t\t\t\t\t\t\t\t\t\t<\/div>\n\t\t\t\t<\/div>\n\t\t\t\t<div class=\"elementor-element elementor-element-45b9b22 elementor-widget elementor-widget-text-editor\" data-id=\"45b9b22\" data-element_type=\"widget\" data-e-type=\"widget\" data-widget_type=\"text-editor.default\">\n\t\t\t\t<div class=\"elementor-widget-container\">\n\t\t\t\t\t\t\t\t\t<p><i>From left: Hans Petter Kvaal (H\u00f8yre Troms\u00f8), Frode Berg (PTG) and Erna Solberg.<\/i><\/p>\n\t\t\t\t\t\t\t\t<\/div>\n\t\t\t\t<\/div>\n\t\t\t\t<div class=\"elementor-element elementor-element-91237c8 elementor-widget elementor-widget-image\" data-id=\"91237c8\" data-element_type=\"widget\" data-e-type=\"widget\" data-widget_type=\"image.default\">\n\t\t\t\t<div class=\"elementor-widget-container\">\n\t\t\t\t\t\t\t\t\t\t\t\t\t\t\t<img decoding=\"async\" width=\"4664\" height=\"3109\" src=\"https:\/\/www.ptg.no\/wp-content\/uploads\/2019\/08\/IMG_6659.jpg\" class=\"attachment-full size-full wp-image-3384\" alt srcset=\"https:\/\/www.ptg.no\/wp-content\/uploads\/2019\/08\/IMG_6659.jpg 4664w, https:\/\/www.ptg.no\/wp-content\/uploads\/2019\/08\/IMG_6659-600x400.jpg 600w, https:\/\/www.ptg.no\/wp-content\/uploads\/2019\/08\/IMG_6659-768x512.jpg 768w, https:\/\/www.ptg.no\/wp-content\/uploads\/2019\/08\/IMG_6659-1020x680.jpg 1020w\" sizes=\"(max-width: 4664px) 100vw, 4664px\">\t\t\t\t\t\t\t\t\t\t\t\t\t\t\t<\/div>\n\t\t\t\t<\/div>\n\t\t\t\t<div class=\"elementor-element elementor-element-1af23d0 elementor-widget elementor-widget-text-editor\" data-id=\"1af23d0\" data-element_type=\"widget\" data-e-type=\"widget\" data-widget_type=\"text-editor.default\">\n\t\t\t\t<div class=\"elementor-widget-container\">\n\t\t\t\t\t\t\t\t\t<p><i>From left: Erna Solberg, Hans Petter Kvaal (H\u00f8yre Troms\u00f8), Ragnhild Berg Nilsen (H\u00f8yre Troms\u00f8), Liv Mona Arntzen (PTG) Frode Berg (PTG), Erlend Svardal B\u00f8e (H\u00f8yre Troms\u00f8) and one of the visiting journalists.<\/i><\/p>\n\t\t\t\t\t\t\t\t<\/div>\n\t\t\t\t<\/div>\n\t\t\t\t\t<\/div>\n\t\t<\/div>\n\t\t\t\t\t<\/div>\n\t\t<\/section>\n\t\t\t\t<\/div>\n\t\t","protected":false},"excerpt":{"rendered":"<p>The pressing need for qualified personnel in Norway\u2019s refri\u00adge\u00adration sector, not least to ensure growth for the national seafood industry, was explained to premier Erna Solberg today. She was given a briefing on the position by entre\u00adpreneur and technical manager Frode Berg during a visit to PTG (formerly Kulde\u00adteknisk) in Troms\u00f8.<\/p>\n","protected":false},"author":4,"featured_media":3338,"comment_status":"closed","ping_status":"closed","sticky":false,"template":"","format":"standard","meta":{"_acf_changed":false,"wp_typography_post_enhancements_disabled":false,"footnotes":""},"categories":[59],"tags":[],"nyheter":[],"class_list":["post-2963","post","type-post","status-publish","format-standard","has-post-thumbnail","hentry","category-news"],"acf":[],"yoast_head":"<!-- This site is optimized with the Yoast SEO plugin v27.5 - https:\/\/yoast.com\/product\/yoast-seo-wordpress\/ -->\n<title>Prime Minister Erna Solberg learnt about the need for personnel - PTG<\/title>\n<meta name=\"description\" content=\"Norway\u00b4s Prime Minister Erna Solberg visited PTG in Troms\u00f8, where she learnt about the pressing need for personnel in the refrigeration sector.\" \/>\n<meta name=\"robots\" content=\"index, follow, max-snippet:-1, max-image-preview:large, max-video-preview:-1\" \/>\n<link rel=\"canonical\" href=\"https:\/\/www.ptg.no\/en\/prime-minister-learnt-the-value-of-perfect-temperature\/\" \/>\n<meta property=\"og:locale\" content=\"en_US\" \/>\n<meta property=\"og:type\" content=\"article\" \/>\n<meta property=\"og:title\" content=\"Prime Minister Erna Solberg learnt about the need for personnel - PTG\" \/>\n<meta property=\"og:description\" content=\"Norway\u00b4s Prime Minister Erna Solberg visited PTG in Troms\u00f8, where she learnt about the pressing need for personnel in the refrigeration sector.\" \/>\n<meta property=\"og:url\" content=\"https:\/\/www.ptg.no\/en\/prime-minister-learnt-the-value-of-perfect-temperature\/\" \/>\n<meta property=\"og:site_name\" content=\"ptg.no\" \/>\n<meta property=\"article:publisher\" content=\"https:\/\/www.facebook.com\/PTGPerfectTemperatureGroup\" \/>\n<meta property=\"article:published_time\" content=\"2019-08-14T15:33:41+00:00\" \/>\n<meta property=\"article:modified_time\" content=\"2021-02-23T14:20:37+00:00\" \/>\n<meta property=\"og:image\" content=\"https:\/\/www.ptg.no\/wp-content\/uploads\/2019\/08\/IMG_6644.jpg\" \/>\n\t<meta property=\"og:image:width\" content=\"5461\" \/>\n\t<meta property=\"og:image:height\" content=\"3641\" \/>\n\t<meta property=\"og:image:type\" content=\"image\/jpeg\" \/>\n<meta name=\"author\" content=\"Ronny Nordstrand\" \/>\n<meta name=\"twitter:card\" content=\"summary_large_image\" \/>\n<meta name=\"twitter:label1\" content=\"Written by\" \/>\n\t<meta name=\"twitter:data1\" content=\"Ronny Nordstrand\" \/>\n\t<meta name=\"twitter:label2\" content=\"Est. reading time\" \/>\n\t<meta name=\"twitter:data2\" content=\"2 minutes\" \/>\n<script type=\"application\/ld+json\" class=\"yoast-schema-graph\">{\"@context\":\"https:\\\/\\\/schema.org\",\"@graph\":[{\"@type\":\"Article\",\"@id\":\"https:\\\/\\\/www.ptg.no\\\/en\\\/prime-minister-learnt-the-value-of-perfect-temperature\\\/#article\",\"isPartOf\":{\"@id\":\"https:\\\/\\\/www.ptg.no\\\/en\\\/prime-minister-learnt-the-value-of-perfect-temperature\\\/\"},\"author\":{\"name\":\"Ronny Nordstrand\",\"@id\":\"https:\\\/\\\/www.ptg.no\\\/en\\\/#\\\/schema\\\/person\\\/8d00e788cd09b78e384c0932b977dfe8\"},\"headline\":\"Prime minister learnt the value of perfect temperature\",\"datePublished\":\"2019-08-14T15:33:41+00:00\",\"dateModified\":\"2021-02-23T14:20:37+00:00\",\"mainEntityOfPage\":{\"@id\":\"https:\\\/\\\/www.ptg.no\\\/en\\\/prime-minister-learnt-the-value-of-perfect-temperature\\\/\"},\"wordCount\":422,\"publisher\":{\"@id\":\"https:\\\/\\\/www.ptg.no\\\/en\\\/#organization\"},\"image\":{\"@id\":\"https:\\\/\\\/www.ptg.no\\\/en\\\/prime-minister-learnt-the-value-of-perfect-temperature\\\/#primaryimage\"},\"thumbnailUrl\":\"https:\\\/\\\/www.ptg.no\\\/wp-content\\\/uploads\\\/2019\\\/08\\\/IMG_6644.jpg\",\"articleSection\":[\"News\"],\"inLanguage\":\"en-US\"},{\"@type\":\"WebPage\",\"@id\":\"https:\\\/\\\/www.ptg.no\\\/en\\\/prime-minister-learnt-the-value-of-perfect-temperature\\\/\",\"url\":\"https:\\\/\\\/www.ptg.no\\\/en\\\/prime-minister-learnt-the-value-of-perfect-temperature\\\/\",\"name\":\"Prime Minister Erna Solberg learnt about the need for personnel - PTG\",\"isPartOf\":{\"@id\":\"https:\\\/\\\/www.ptg.no\\\/en\\\/#website\"},\"primaryImageOfPage\":{\"@id\":\"https:\\\/\\\/www.ptg.no\\\/en\\\/prime-minister-learnt-the-value-of-perfect-temperature\\\/#primaryimage\"},\"image\":{\"@id\":\"https:\\\/\\\/www.ptg.no\\\/en\\\/prime-minister-learnt-the-value-of-perfect-temperature\\\/#primaryimage\"},\"thumbnailUrl\":\"https:\\\/\\\/www.ptg.no\\\/wp-content\\\/uploads\\\/2019\\\/08\\\/IMG_6644.jpg\",\"datePublished\":\"2019-08-14T15:33:41+00:00\",\"dateModified\":\"2021-02-23T14:20:37+00:00\",\"description\":\"Norway\u00b4s Prime Minister Erna Solberg visited PTG in Troms\u00f8, where she learnt about the pressing need for personnel in the refrigeration sector.\",\"breadcrumb\":{\"@id\":\"https:\\\/\\\/www.ptg.no\\\/en\\\/prime-minister-learnt-the-value-of-perfect-temperature\\\/#breadcrumb\"},\"inLanguage\":\"en-US\",\"potentialAction\":[{\"@type\":\"ReadAction\",\"target\":[\"https:\\\/\\\/www.ptg.no\\\/en\\\/prime-minister-learnt-the-value-of-perfect-temperature\\\/\"]}]},{\"@type\":\"ImageObject\",\"inLanguage\":\"en-US\",\"@id\":\"https:\\\/\\\/www.ptg.no\\\/en\\\/prime-minister-learnt-the-value-of-perfect-temperature\\\/#primaryimage\",\"url\":\"https:\\\/\\\/www.ptg.no\\\/wp-content\\\/uploads\\\/2019\\\/08\\\/IMG_6644.jpg\",\"contentUrl\":\"https:\\\/\\\/www.ptg.no\\\/wp-content\\\/uploads\\\/2019\\\/08\\\/IMG_6644.jpg\",\"width\":5461,\"height\":3641},{\"@type\":\"BreadcrumbList\",\"@id\":\"https:\\\/\\\/www.ptg.no\\\/en\\\/prime-minister-learnt-the-value-of-perfect-temperature\\\/#breadcrumb\",\"itemListElement\":[{\"@type\":\"ListItem\",\"position\":1,\"name\":\"Home\",\"item\":\"https:\\\/\\\/www.ptg.no\\\/en\\\/\"},{\"@type\":\"ListItem\",\"position\":2,\"name\":\"Prime minister learnt the value of perfect temperature\"}]},{\"@type\":\"WebSite\",\"@id\":\"https:\\\/\\\/www.ptg.no\\\/en\\\/#website\",\"url\":\"https:\\\/\\\/www.ptg.no\\\/en\\\/\",\"name\":\"ptg.no\",\"description\":\"The value of perfect temperature\",\"publisher\":{\"@id\":\"https:\\\/\\\/www.ptg.no\\\/en\\\/#organization\"},\"potentialAction\":[{\"@type\":\"SearchAction\",\"target\":{\"@type\":\"EntryPoint\",\"urlTemplate\":\"https:\\\/\\\/www.ptg.no\\\/en\\\/?s={search_term_string}\"},\"query-input\":{\"@type\":\"PropertyValueSpecification\",\"valueRequired\":true,\"valueName\":\"search_term_string\"}}],\"inLanguage\":\"en-US\"},{\"@type\":\"Organization\",\"@id\":\"https:\\\/\\\/www.ptg.no\\\/en\\\/#organization\",\"name\":\"Perfect Temperature Group\",\"url\":\"https:\\\/\\\/www.ptg.no\\\/en\\\/\",\"logo\":{\"@type\":\"ImageObject\",\"inLanguage\":\"en-US\",\"@id\":\"https:\\\/\\\/www.ptg.no\\\/en\\\/#\\\/schema\\\/logo\\\/image\\\/\",\"url\":\"https:\\\/\\\/www.ptg.no\\\/wp-content\\\/uploads\\\/2019\\\/06\\\/PTG-logo-slagord-RGB.png\",\"contentUrl\":\"https:\\\/\\\/www.ptg.no\\\/wp-content\\\/uploads\\\/2019\\\/06\\\/PTG-logo-slagord-RGB.png\",\"width\":2000,\"height\":752,\"caption\":\"Perfect Temperature Group\"},\"image\":{\"@id\":\"https:\\\/\\\/www.ptg.no\\\/en\\\/#\\\/schema\\\/logo\\\/image\\\/\"},\"sameAs\":[\"https:\\\/\\\/www.facebook.com\\\/PTGPerfectTemperatureGroup\"]},{\"@type\":\"Person\",\"@id\":\"https:\\\/\\\/www.ptg.no\\\/en\\\/#\\\/schema\\\/person\\\/8d00e788cd09b78e384c0932b977dfe8\",\"name\":\"Ronny Nordstrand\",\"image\":{\"@type\":\"ImageObject\",\"inLanguage\":\"en-US\",\"@id\":\"https:\\\/\\\/secure.gravatar.com\\\/avatar\\\/04703fa4d173422eb88127dc745fcd69a8a43e8b6e786f27f606fe484a7fd7c5?s=96&d=mm&r=g\",\"url\":\"https:\\\/\\\/secure.gravatar.com\\\/avatar\\\/04703fa4d173422eb88127dc745fcd69a8a43e8b6e786f27f606fe484a7fd7c5?s=96&d=mm&r=g\",\"contentUrl\":\"https:\\\/\\\/secure.gravatar.com\\\/avatar\\\/04703fa4d173422eb88127dc745fcd69a8a43e8b6e786f27f606fe484a7fd7c5?s=96&d=mm&r=g\",\"caption\":\"Ronny Nordstrand\"},\"url\":\"https:\\\/\\\/www.ptg.no\\\/en\\\/author\\\/ronny\\\/\"}]}<\/script>\n<!-- \/ Yoast SEO plugin. -->","yoast_head_json":{"title":"Prime Minister Erna Solberg learnt about the need for personnel - PTG","description":"Norway\u00b4s Prime Minister Erna Solberg visited PTG in Troms\u00f8, where she learnt about the pressing need for personnel in the refrigeration sector.","robots":{"index":"index","follow":"follow","max-snippet":"max-snippet:-1","max-image-preview":"max-image-preview:large","max-video-preview":"max-video-preview:-1"},"canonical":"https:\/\/www.ptg.no\/en\/prime-minister-learnt-the-value-of-perfect-temperature\/","og_locale":"en_US","og_type":"article","og_title":"Prime Minister Erna Solberg learnt about the need for personnel - PTG","og_description":"Norway\u00b4s Prime Minister Erna Solberg visited PTG in Troms\u00f8, where she learnt about the pressing need for personnel in the refrigeration sector.","og_url":"https:\/\/www.ptg.no\/en\/prime-minister-learnt-the-value-of-perfect-temperature\/","og_site_name":"ptg.no","article_publisher":"https:\/\/www.facebook.com\/PTGPerfectTemperatureGroup","article_published_time":"2019-08-14T15:33:41+00:00","article_modified_time":"2021-02-23T14:20:37+00:00","og_image":[{"width":5461,"height":3641,"url":"https:\/\/www.ptg.no\/wp-content\/uploads\/2019\/08\/IMG_6644.jpg","type":"image\/jpeg"}],"author":"Ronny Nordstrand","twitter_card":"summary_large_image","twitter_misc":{"Written by":"Ronny Nordstrand","Est. reading time":"2 minutes"},"schema":{"@context":"https:\/\/schema.org","@graph":[{"@type":"Article","@id":"https:\/\/www.ptg.no\/en\/prime-minister-learnt-the-value-of-perfect-temperature\/#article","isPartOf":{"@id":"https:\/\/www.ptg.no\/en\/prime-minister-learnt-the-value-of-perfect-temperature\/"},"author":{"name":"Ronny Nordstrand","@id":"https:\/\/www.ptg.no\/en\/#\/schema\/person\/8d00e788cd09b78e384c0932b977dfe8"},"headline":"Prime minister learnt the value of perfect temperature","datePublished":"2019-08-14T15:33:41+00:00","dateModified":"2021-02-23T14:20:37+00:00","mainEntityOfPage":{"@id":"https:\/\/www.ptg.no\/en\/prime-minister-learnt-the-value-of-perfect-temperature\/"},"wordCount":422,"publisher":{"@id":"https:\/\/www.ptg.no\/en\/#organization"},"image":{"@id":"https:\/\/www.ptg.no\/en\/prime-minister-learnt-the-value-of-perfect-temperature\/#primaryimage"},"thumbnailUrl":"https:\/\/www.ptg.no\/wp-content\/uploads\/2019\/08\/IMG_6644.jpg","articleSection":["News"],"inLanguage":"en-US"},{"@type":"WebPage","@id":"https:\/\/www.ptg.no\/en\/prime-minister-learnt-the-value-of-perfect-temperature\/","url":"https:\/\/www.ptg.no\/en\/prime-minister-learnt-the-value-of-perfect-temperature\/","name":"Prime Minister Erna Solberg learnt about the need for personnel - PTG","isPartOf":{"@id":"https:\/\/www.ptg.no\/en\/#website"},"primaryImageOfPage":{"@id":"https:\/\/www.ptg.no\/en\/prime-minister-learnt-the-value-of-perfect-temperature\/#primaryimage"},"image":{"@id":"https:\/\/www.ptg.no\/en\/prime-minister-learnt-the-value-of-perfect-temperature\/#primaryimage"},"thumbnailUrl":"https:\/\/www.ptg.no\/wp-content\/uploads\/2019\/08\/IMG_6644.jpg","datePublished":"2019-08-14T15:33:41+00:00","dateModified":"2021-02-23T14:20:37+00:00","description":"Norway\u00b4s Prime Minister Erna Solberg visited PTG in Troms\u00f8, where she learnt about the pressing need for personnel in the refrigeration sector.","breadcrumb":{"@id":"https:\/\/www.ptg.no\/en\/prime-minister-learnt-the-value-of-perfect-temperature\/#breadcrumb"},"inLanguage":"en-US","potentialAction":[{"@type":"ReadAction","target":["https:\/\/www.ptg.no\/en\/prime-minister-learnt-the-value-of-perfect-temperature\/"]}]},{"@type":"ImageObject","inLanguage":"en-US","@id":"https:\/\/www.ptg.no\/en\/prime-minister-learnt-the-value-of-perfect-temperature\/#primaryimage","url":"https:\/\/www.ptg.no\/wp-content\/uploads\/2019\/08\/IMG_6644.jpg","contentUrl":"https:\/\/www.ptg.no\/wp-content\/uploads\/2019\/08\/IMG_6644.jpg","width":5461,"height":3641},{"@type":"BreadcrumbList","@id":"https:\/\/www.ptg.no\/en\/prime-minister-learnt-the-value-of-perfect-temperature\/#breadcrumb","itemListElement":[{"@type":"ListItem","position":1,"name":"Home","item":"https:\/\/www.ptg.no\/en\/"},{"@type":"ListItem","position":2,"name":"Prime minister learnt the value of perfect temperature"}]},{"@type":"WebSite","@id":"https:\/\/www.ptg.no\/en\/#website","url":"https:\/\/www.ptg.no\/en\/","name":"ptg.no","description":"The value of perfect temperature","publisher":{"@id":"https:\/\/www.ptg.no\/en\/#organization"},"potentialAction":[{"@type":"SearchAction","target":{"@type":"EntryPoint","urlTemplate":"https:\/\/www.ptg.no\/en\/?s={search_term_string}"},"query-input":{"@type":"PropertyValueSpecification","valueRequired":true,"valueName":"search_term_string"}}],"inLanguage":"en-US"},{"@type":"Organization","@id":"https:\/\/www.ptg.no\/en\/#organization","name":"Perfect Temperature Group","url":"https:\/\/www.ptg.no\/en\/","logo":{"@type":"ImageObject","inLanguage":"en-US","@id":"https:\/\/www.ptg.no\/en\/#\/schema\/logo\/image\/","url":"https:\/\/www.ptg.no\/wp-content\/uploads\/2019\/06\/PTG-logo-slagord-RGB.png","contentUrl":"https:\/\/www.ptg.no\/wp-content\/uploads\/2019\/06\/PTG-logo-slagord-RGB.png","width":2000,"height":752,"caption":"Perfect Temperature Group"},"image":{"@id":"https:\/\/www.ptg.no\/en\/#\/schema\/logo\/image\/"},"sameAs":["https:\/\/www.facebook.com\/PTGPerfectTemperatureGroup"]},{"@type":"Person","@id":"https:\/\/www.ptg.no\/en\/#\/schema\/person\/8d00e788cd09b78e384c0932b977dfe8","name":"Ronny Nordstrand","image":{"@type":"ImageObject","inLanguage":"en-US","@id":"https:\/\/secure.gravatar.com\/avatar\/04703fa4d173422eb88127dc745fcd69a8a43e8b6e786f27f606fe484a7fd7c5?s=96&d=mm&r=g","url":"https:\/\/secure.gravatar.com\/avatar\/04703fa4d173422eb88127dc745fcd69a8a43e8b6e786f27f606fe484a7fd7c5?s=96&d=mm&r=g","contentUrl":"https:\/\/secure.gravatar.com\/avatar\/04703fa4d173422eb88127dc745fcd69a8a43e8b6e786f27f606fe484a7fd7c5?s=96&d=mm&r=g","caption":"Ronny Nordstrand"},"url":"https:\/\/www.ptg.no\/en\/author\/ronny\/"}]}},"_links":{"self":[{"href":"https:\/\/www.ptg.no\/en\/wp-json\/wp\/v2\/posts\/2963","targetHints":{"allow":["GET"]}}],"collection":[{"href":"https:\/\/www.ptg.no\/en\/wp-json\/wp\/v2\/posts"}],"about":[{"href":"https:\/\/www.ptg.no\/en\/wp-json\/wp\/v2\/types\/post"}],"author":[{"embeddable":true,"href":"https:\/\/www.ptg.no\/en\/wp-json\/wp\/v2\/users\/4"}],"replies":[{"embeddable":true,"href":"https:\/\/www.ptg.no\/en\/wp-json\/wp\/v2\/comments?post=2963"}],"version-history":[{"count":8,"href":"https:\/\/www.ptg.no\/en\/wp-json\/wp\/v2\/posts\/2963\/revisions"}],"predecessor-version":[{"id":6888,"href":"https:\/\/www.ptg.no\/en\/wp-json\/wp\/v2\/posts\/2963\/revisions\/6888"}],"wp:featuredmedia":[{"embeddable":true,"href":"https:\/\/www.ptg.no\/en\/wp-json\/wp\/v2\/media\/3338"}],"wp:attachment":[{"href":"https:\/\/www.ptg.no\/en\/wp-json\/wp\/v2\/media?parent=2963"}],"wp:term":[{"taxonomy":"category","embeddable":true,"href":"https:\/\/www.ptg.no\/en\/wp-json\/wp\/v2\/categories?post=2963"},{"taxonomy":"post_tag","embeddable":true,"href":"https:\/\/www.ptg.no\/en\/wp-json\/wp\/v2\/tags?post=2963"},{"taxonomy":"nyheter","embeddable":true,"href":"https:\/\/www.ptg.no\/en\/wp-json\/wp\/v2\/nyheter?post=2963"}],"curies":[{"name":"wp","href":"https:\/\/api.w.org\/{rel}","templated":true}]}}